{"id":2407,"date":"2024-01-11T11:49:19","date_gmt":"2024-01-11T10:49:19","guid":{"rendered":"https:\/\/www.bannmuehle.de\/?p=2407"},"modified":"2024-02-06T09:55:17","modified_gmt":"2024-02-06T08:55:17","slug":"hans-pfeffer-zu-gast-bei-antenne-bad-kreuznach","status":"publish","type":"post","link":"https:\/\/www.bannmuehle.de\/index.php\/2024\/01\/11\/hans-pfeffer-zu-gast-bei-antenne-bad-kreuznach\/","title":{"rendered":"Hans Pfeffer zu Gast bei Antenne Bad Kreuznach"},"content":{"rendered":"\t\t<div data-elementor-type=\"wp-post\" data-elementor-id=\"2407\" class=\"elementor elementor-2407\">\n\t\t\t\t\t\t<section class=\"elementor-section elementor-top-section elementor-element elementor-element-c8df723 elementor-section-boxed elementor-section-height-default elementor-section-height-default\" data-id=\"c8df723\" data-element_type=\"section\">\n\t\t\t\t\t\t<div class=\"elementor-container elementor-column-gap-default\">\n\t\t\t\t\t<div class=\"elementor-column elementor-col-100 elementor-top-column elementor-element elementor-element-9322228\" data-id=\"9322228\" data-element_type=\"column\">\n\t\t\t<div class=\"elementor-widget-wrap elementor-element-populated\">\n\t\t\t\t\t\t<div class=\"elementor-element elementor-element-828d3f6 elementor-widget elementor-widget-text-editor\" data-id=\"828d3f6\" data-element_type=\"widget\" data-widget_type=\"text-editor.default\">\n\t\t\t\t<div class=\"elementor-widget-container\">\n\t\t\t\t\t\t\t\t\t<p>Im Livetalk &#8222;Nahe Dran&#8220; hat Hans Pfeffer die Bannm\u00fchle vorgestellt und noch einmal auf unsere Personalsuche insbesondere f\u00fcr den Hofladen hingewiesen. F\u00fcr alle die reinh\u00f6ren m\u00f6chten geht&#8217;s hier zum Interview <a href=\"https:\/\/www.antenne-kh.de\/zu-gast-bannmuehle-odernheim.html\">https:\/\/www.antenne-kh.de\/zu-gast-bannmuehle-odernheim.html<\/a><\/p>\t\t\t\t\t\t\t\t<\/div>\n\t\t\t\t<\/div>\n\t\t\t\t\t<\/div>\n\t\t<\/div>\n\t\t\t\t\t<\/div>\n\t\t<\/section>\n\t\t\t\t<\/div>\n\t\t","protected":false},"excerpt":{"rendered":"<p>Im Livetalk &#8222;Nahe Dran&#8220; hat Hans Pfeffer die Bannm\u00fchle vorgestellt und noch einmal auf unsere Personalsuche insbesondere f\u00fcr den Hofladen hingewiesen. F\u00fcr alle die reinh\u00f6ren m\u00f6chten geht&#8217;s hier zum Interview https:\/\/www.antenne-kh.de\/zu-gast-bannmuehle-odernheim.html<\/p>\n","protected":false},"author":3,"featured_media":0,"comment_status":"closed","ping_status":"open","sticky":false,"template":"","format":"standard","meta":{"footnotes":""},"categories":[1,22],"tags":[],"_links":{"self":[{"href":"https:\/\/www.bannmuehle.de\/index.php\/wp-json\/wp\/v2\/posts\/2407"}],"collection":[{"href":"https:\/\/www.bannmuehle.de\/index.php\/wp-json\/wp\/v2\/posts"}],"about":[{"href":"https:\/\/www.bannmuehle.de\/index.php\/wp-json\/wp\/v2\/types\/post"}],"author":[{"embeddable":true,"href":"https:\/\/www.bannmuehle.de\/index.php\/wp-json\/wp\/v2\/users\/3"}],"replies":[{"embeddable":true,"href":"https:\/\/www.bannmuehle.de\/index.php\/wp-json\/wp\/v2\/comments?post=2407"}],"version-history":[{"count":4,"href":"https:\/\/www.bannmuehle.de\/index.php\/wp-json\/wp\/v2\/posts\/2407\/revisions"}],"predecessor-version":[{"id":2411,"href":"https:\/\/www.bannmuehle.de\/index.php\/wp-json\/wp\/v2\/posts\/2407\/revisions\/2411"}],"wp:attachment":[{"href":"https:\/\/www.bannmuehle.de\/index.php\/wp-json\/wp\/v2\/media?parent=2407"}],"wp:term":[{"taxonomy":"category","embeddable":true,"href":"https:\/\/www.bannmuehle.de\/index.php\/wp-json\/wp\/v2\/categories?post=2407"},{"taxonomy":"post_tag","embeddable":true,"href":"https:\/\/www.bannmuehle.de\/index.php\/wp-json\/wp\/v2\/tags?post=2407"}],"curies":[{"name":"wp","href":"https:\/\/api.w.org\/{rel}","templated":true}]}}