{"id":2536,"date":"2024-08-12T13:33:03","date_gmt":"2024-08-12T11:33:03","guid":{"rendered":"https:\/\/www.bannmuehle.de\/?p=2536"},"modified":"2024-08-29T13:22:47","modified_gmt":"2024-08-29T11:22:47","slug":"iii-tag-der-offenen-weide","status":"publish","type":"post","link":"https:\/\/www.bannmuehle.de\/index.php\/2024\/08\/12\/iii-tag-der-offenen-weide\/","title":{"rendered":"III. Tag der offenen Weide"},"content":{"rendered":"\t\t<div data-elementor-type=\"wp-post\" data-elementor-id=\"2536\" class=\"elementor elementor-2536\">\n\t\t\t\t\t\t<section class=\"elementor-section elementor-top-section elementor-element elementor-element-e6df51d elementor-section-boxed elementor-section-height-default elementor-section-height-default\" data-id=\"e6df51d\" data-element_type=\"section\">\n\t\t\t\t\t\t<div class=\"elementor-container elementor-column-gap-default\">\n\t\t\t\t\t<div class=\"elementor-column elementor-col-100 elementor-top-column elementor-element elementor-element-85ba572\" data-id=\"85ba572\" data-element_type=\"column\">\n\t\t\t<div class=\"elementor-widget-wrap elementor-element-populated\">\n\t\t\t\t\t\t<div class=\"elementor-element elementor-element-d7f94b7 elementor-widget elementor-widget-text-editor\" data-id=\"d7f94b7\" data-element_type=\"widget\" data-widget_type=\"text-editor.default\">\n\t\t\t\t<div class=\"elementor-widget-container\">\n\t\t\t\t\t\t\t\t\t<p><strong>Am Sonntag, den 01.09.2024<\/strong> veranstalten wir im Rahmen der \u00d6ko-Aktionstage Rheinland-Pfalz wieder einen Tag der offenen Weide. Von <strong>12:00 bis 18:00 Uhr<\/strong> laden wir euch zu einem gemeinsamen Spaziergang unter dem Motto <em>&#8222;Rinder unter Apfelb\u00e4umen&#8220;<\/em> ein. F\u00fcr einen kleinen (auch vegetarischen) Imbiss ist gesorgt, au\u00dferdem ist der Hofladen ist ge\u00f6ffnet.<\/p><p>Hier gehts zur vollst\u00e4ndigen Einladung: <a href=\"https:\/\/www.bannmuehle.de\/wp-content\/uploads\/2024\/08\/Einladung-zum-Tag-der-offenen-Weide.pdf\">Einladung zum Tag der offenen Weide<\/a><\/p><p>Wir freuen uns auf Euer Kommen.<\/p>\t\t\t\t\t\t\t\t<\/div>\n\t\t\t\t<\/div>\n\t\t\t\t\t<\/div>\n\t\t<\/div>\n\t\t\t\t\t<\/div>\n\t\t<\/section>\n\t\t\t\t<\/div>\n\t\t","protected":false},"excerpt":{"rendered":"<p>Am Sonntag, den 01.09.2024 veranstalten wir im Rahmen der \u00d6ko-Aktionstage Rheinland-Pfalz wieder einen Tag der offenen Weide. Von 12:00 bis 18:00 Uhr laden wir euch zu einem gemeinsamen Spaziergang unter dem Motto &#8222;Rinder unter Apfelb\u00e4umen&#8220; ein. F\u00fcr einen kleinen (auch vegetarischen) Imbiss ist gesorgt, au\u00dferdem ist der Hofladen ist ge\u00f6ffnet. Hier gehts zur vollst\u00e4ndigen Einladung: &hellip; <\/p>\n<p class=\"link-more\"><a href=\"https:\/\/www.bannmuehle.de\/index.php\/2024\/08\/12\/iii-tag-der-offenen-weide\/\" class=\"more-link\"><span class=\"screen-reader-text\">\u201eIII. Tag der offenen Weide\u201c<\/span> weiterlesen<\/a><\/p>\n","protected":false},"author":3,"featured_media":0,"comment_status":"closed","ping_status":"open","sticky":true,"template":"","format":"standard","meta":{"footnotes":""},"categories":[1],"tags":[],"_links":{"self":[{"href":"https:\/\/www.bannmuehle.de\/index.php\/wp-json\/wp\/v2\/posts\/2536"}],"collection":[{"href":"https:\/\/www.bannmuehle.de\/index.php\/wp-json\/wp\/v2\/posts"}],"about":[{"href":"https:\/\/www.bannmuehle.de\/index.php\/wp-json\/wp\/v2\/types\/post"}],"author":[{"embeddable":true,"href":"https:\/\/www.bannmuehle.de\/index.php\/wp-json\/wp\/v2\/users\/3"}],"replies":[{"embeddable":true,"href":"https:\/\/www.bannmuehle.de\/index.php\/wp-json\/wp\/v2\/comments?post=2536"}],"version-history":[{"count":10,"href":"https:\/\/www.bannmuehle.de\/index.php\/wp-json\/wp\/v2\/posts\/2536\/revisions"}],"predecessor-version":[{"id":2566,"href":"https:\/\/www.bannmuehle.de\/index.php\/wp-json\/wp\/v2\/posts\/2536\/revisions\/2566"}],"wp:attachment":[{"href":"https:\/\/www.bannmuehle.de\/index.php\/wp-json\/wp\/v2\/media?parent=2536"}],"wp:term":[{"taxonomy":"category","embeddable":true,"href":"https:\/\/www.bannmuehle.de\/index.php\/wp-json\/wp\/v2\/categories?post=2536"},{"taxonomy":"post_tag","embeddable":true,"href":"https:\/\/www.bannmuehle.de\/index.php\/wp-json\/wp\/v2\/tags?post=2536"}],"curies":[{"name":"wp","href":"https:\/\/api.w.org\/{rel}","templated":true}]}}